{"id":60,"date":"2018-11-14T10:50:34","date_gmt":"2018-11-14T10:50:34","guid":{"rendered":"https:\/\/blogs.scu.edu\/arthursattic\/?p=60"},"modified":"2026-03-31T11:23:14","modified_gmt":"2026-03-31T18:23:14","slug":"commemorating-ignacio-ellacuria-1930-1989","status":"publish","type":"post","link":"https:\/\/blogs.scu.edu\/arthursattic\/2018\/11\/14\/commemorating-ignacio-ellacuria-1930-1989\/","title":{"rendered":"Commemorating Ignacio Ellacur\u00eda (1930-1989)"},"content":{"rendered":"\n<p><span style=\"font-weight: 400\">On November 16 this Fall, we recognize the 29th anniversary of the death of Reverend Ignacio Ellacur\u00eda \u2014 an honorable date in our university\u2019s history. On this day <\/span><span style=\"font-weight: 400\">in 1989, Ellacur\u00eda, five other Jesuits, their housekeeper, and her daughter were murdered execution-style by an elite US-trained squadron of the Salvadoran Army during the end of their civil war. As an outspoken advocate for liberation, Ellacur\u00eda was subject to much hatred and opposition. Today in Santa Clara, we see his name and the crosses honoring the other martyrs of El Salvador as we pass by the Mission Church. In securing the constant presence of the crosses, we are standing in solidarity with the martyrs and are actively holding Ellacur\u00eda&#8217;s philosophy to heart.<\/span><\/p>\n\n\n\n<p><span style=\"font-weight: 400\">Ellacur\u00eda, a citizen of El Salvador, was born in 1930 in Spain, joining the Jesuits at a young age. From 1947 on, he lived and worked in El Salvador, with the exception of a few periods during which he pursued his education in Spain, Ecuador, and Germany. Ellacur\u00eda is best known for his contribution to Latin American Liberation Philosophy, which developed in Latin America in the latter half of the Twentieth Century, sparked from the works of Peruvian philosopher A. Salazar Bondy and Mexican philosopher Leopoldo Zea. From these initial works, a philosophy was born that focused on the discipline in attempting to make sense of Latin American reality, a reality of dependence on political and economic factors beyond one\u2019s control. Given this theme of dependency, Latin American Liberation Philosophy narrowed in on the social and personal obligation to overcome this by focusing on understanding the fullness of one\u2019s humanity. Ellacur\u00eda, in particular, saw human reality as multifaceted, with historical and social components; the possibilities in which individual freedoms must be exercised is not only a product of society, but of past human actions as well.<\/span><\/p>\n\n\n\n<p><span style=\"font-weight: 400\">In June of 1982, Father Ellacur\u00eda delivered a beautiful commencement address to the Santa Clara University community, challenging students to make their universities into places of positive and transformative change.<\/span><\/p>\n\n\n<div class=\"wp-block-image altSpan\">\n<figure class=\"aligncenter\"><img loading=\"lazy\" decoding=\"async\" width=\"464\" height=\"360\" src=\"https:\/\/blogs.scu.edu\/arthursattic\/files\/2018\/11\/Sanfillipo_Alvarez_Ellacuria_Rewak_Group_Photo1.jpg\" alt=\"Four men wearing graduation caps and gowns.\" class=\"wp-image-67\" srcset=\"https:\/\/blogs.scu.edu\/arthursattic\/files\/2018\/11\/Sanfillipo_Alvarez_Ellacuria_Rewak_Group_Photo1.jpg 464w, https:\/\/blogs.scu.edu\/arthursattic\/files\/2018\/11\/Sanfillipo_Alvarez_Ellacuria_Rewak_Group_Photo1-300x233.jpg 300w\" sizes=\"auto, (max-width: 464px) 100vw, 464px\" \/><figcaption class=\"wp-element-caption\"><span class=\"altSpan\" style=\"padding: 1px;color: black;font-family: sans-serif;font-weight: bold;font-size: small;background-color: yellow;position: absolute;line-height: 100%;z-index: 2147483647\">IMG\ud83d\udc4dalt=&#8221;&#8221;\u2753<\/span> Group photo of Sanfillipo, Alvarez, Ellacur\u00eda, and Rewak courtesy of SCU Archives &amp; Special Collections, <a href=\"http:\/\/content.scu.edu\/cdm\/ref\/collection\/claravision\/id\/1355\" target=\"_blank\" rel=\"noopener\">Digital Collections<\/a><\/figcaption><\/figure>\n<\/div>\n\n\n<p><span style=\"font-weight: 400\">At this time, Ellacur\u00eda was working as a professor at the Jesuit Jos\u00e9 Sime\u00f3n Ca\u00f1as Central American University (UCA) in San Salvador, Ecuador, where he pushed for the community to be a vehicle of positive change in the context of the country\u2019s civil war and resulting social issues. What set Ellacur\u00eda\u2019s Santa Clara commencement speech apart from those in other years was his emphasis on the core of a Catholic University\u2014its ideals, duties, and what it stands for\u2014as opposed to an emphasis on life lessons for the young graduates to take with them. Casting away this divide we often reference between college and \u201cthe real world,\u201d Ellacur\u00eda questioned why a difference needs to exist between these two in the first place, reminding the audience that the small bubbles of elite universities are, in fact, artificial.<\/span><\/p>\n\n\n\n<p><span style=\"font-weight: 400\">Not only do colleges deal with culture, knowledge, and the u<\/span><span style=\"font-size: 17px;font-weight: 400\">se of intellect, but they must hold social reality as a high concern, recognizing and healing social ills, Ellacur\u00eda believed. Highlighting these two foundational components of institutions of higher education, Ellacur\u00eda stated the duties that universities, Catholic ones in particular, must undertake to better the world.<\/span><\/p>\n\n\n\n<blockquote class=\"wp-block-quote is-layout-flow wp-block-quote-is-layout-flow\">\n<p><span style=\"font-weight: 400\">\u201cWhat then does a university do, immersed in this reality? Transform it? Yes. Do everything possible so that liberty is victorious over oppression, justice over injustice, love over hate? Yes. Without this overall commitment, we would not be a university, and even less so would we be a Catholic university.\u201d<\/span><\/p>\n<\/blockquote>\n\n\n\n<p><span style=\"font-weight: 400\">And in speaking to the Santa Clara community directly, Ellacur\u00eda summoned the be<\/span><span style=\"font-size: 17px;font-weight: 400\">ginning of a deep change, one that is challenging and uncomfortable, one that requires sacrifice.<\/span><\/p>\n\n\n\n<blockquote class=\"wp-block-quote is-layout-flow wp-block-quote-is-layout-flow\">\n<p><span style=\"font-weight: 400\">\u201cBut American universities also have an important part to play in order to insure that the unavoidable presence of the United States in Central America be sensitive and just, especially those universities<\/span><span style=\"font-weight: 400\">\u2014<\/span><span style=\"font-weight: 400\">like Santa Clara<\/span><span style=\"font-weight: 400\">\u2014<\/span><span style=\"font-weight: 400\">which are inspired by the desire to make present among us all the Kingdom of God.\u201d<\/span><\/p>\n<\/blockquote>\n\n\n\n<p><span style=\"font-weight: 400\">On graduation day, this type of address is rare to hear, revealing a duty and calling for a change when &nbsp;recent graduates are celebrating the end of their own four-year journey and focusing on past accomplishments. Many who were present at the address and those who wrote about it later on agree that while it may not have been what we as a community wanted to hear, it was what we needed to hear.<\/span><\/p>\n\n\n<div class=\"wp-block-image altSpan\">\n<figure class=\"aligncenter\"><img loading=\"lazy\" decoding=\"async\" width=\"357\" height=\"464\" src=\"https:\/\/blogs.scu.edu\/arthursattic\/files\/2018\/11\/Ellacuria_Honorary_Doctoral_Degree-1.jpg\" alt=\"Two men wearing graduation caps and gowns shaking hands.\" class=\"wp-image-68\" srcset=\"https:\/\/blogs.scu.edu\/arthursattic\/files\/2018\/11\/Ellacuria_Honorary_Doctoral_Degree-1.jpg 357w, https:\/\/blogs.scu.edu\/arthursattic\/files\/2018\/11\/Ellacuria_Honorary_Doctoral_Degree-1-231x300.jpg 231w\" sizes=\"auto, (max-width: 357px) 100vw, 357px\" \/><figcaption class=\"wp-element-caption\"><span class=\"altSpan\" style=\"padding: 1px;color: black;font-family: sans-serif;font-weight: bold;font-size: small;background-color: yellow;position: absolute;line-height: 100%;z-index: 2147483647\">IMG\ud83d\udc4dalt=&#8221;&#8221;\u2753<\/span> Rev. Ignacio Ellacur\u00eda receiving his honorary doctorate at Santa Clara University courtesy of Archives &amp; Special Collections, <a href=\"http:\/\/content.scu.edu\/cdm\/ref\/collection\/claravision\/id\/1361\" target=\"_blank\" rel=\"noopener\">Digital Collections<\/a>.<\/figcaption><\/figure>\n<\/div>\n\n\n<p>Header image: Candlelit vigil honoring El Salvador martyrs for 15th anniversary in 2004, courtesy of Archives &amp; Special Collections&#8217; <a href=\"http:\/\/content.scu.edu\/cdm\/ref\/collection\/barry\/id\/107\">Chuck Barry Digital Collection<\/a>.<\/p>\n\n\n\n<p class=\"has-text-align-center\"><strong>Sources<\/strong><\/p>\n\n\n\n<p><span style=\"font-weight: 400\">Gandolfo, David I. \u201c<a href=\"https:\/\/iep.utm.edu\/ignacio-ellacuria\/\">Ignacio Ellacur\u00eda (1930\u20141989).<\/a>\u201d <\/span><i><span style=\"font-weight: 400\">Internet Encyclopedia of Philosophy,&nbsp;<\/span><\/i><span style=\"font-weight: 400\">Internet <\/span><span style=\"font-weight: 400\">Encyclopedia of Philosophy.<\/span><\/p>\n\n\n\n<p><span style=\"font-weight: 400\">Santa Clara University. \u201c<a href=\"https:\/\/www.scu.edu\/ic\/programs\/ignatian-worldview\/ellacuria\/\">Ignacio Ellacur\u00eda, S.J.&#8217;s June 1982 Commencement Address Santa Clara University<\/a>.\u201d <\/span><i><span style=\"font-weight: 400\">Sustainability &#8211; Office of the Provost &#8211; Santa Clara University<\/span><\/i><span style=\"font-weight: 400\">, 19 Nov. 2016<\/span><span style=\"font-weight: 400\">.<\/span><\/p>\n\n\n\n<p><span style=\"font-weight: 400\">Santa Clara University. \u201cThe Message We Need.\u201d <\/span><i><span style=\"font-weight: 400\">Sustainability &#8211; Office of the Provost &#8211; Santa Clara <\/span><\/i><i><span style=\"font-weight: 400\">University<\/span><\/i><span style=\"font-weight: 400\">, 19 June 2017, www.scu.edu\/news-and-events\/feature-stories\/stories\/the-message-we-need.html. This article first appeared in the National Catholic Reporter on May 24, 2017.<\/span><\/p>\n","protected":false},"excerpt":{"rendered":"<p>On November 16 this Fall, we recognize the 29th anniversary of the death of Reverend Ignacio Ellacur\u00eda \u2014 an honorable date in our university\u2019s history. On this day in 1989, Ellacur\u00eda, five other Jesuits, their housekeeper, and her daughter were murdered execution-style by an elite US-trained squadron of the Salvadoran Army during the end of [&hellip;]<\/p>\n","protected":false},"author":2405,"featured_media":66,"comment_status":"open","ping_status":"open","sticky":false,"template":"","format":"standard","meta":{"qubely_global_settings":"","qubely_interactions":"","kk_blocks_editor_width":"","_kiokenblocks_attr":"","_kiokenblocks_dimensions":"","footnotes":""},"categories":[2],"tags":[],"class_list":["post-60","post","type-post","status-publish","format-standard","has-post-thumbnail","hentry","category-notable-people","with-image","with-title"],"gutentor_comment":0,"qubely_featured_image_url":{"full":["https:\/\/blogs.scu.edu\/arthursattic\/files\/2018\/11\/Candlelit_vigil_honoring_El_Salvador_martyrs.jpg",3008,2000,false],"landscape":["https:\/\/blogs.scu.edu\/arthursattic\/files\/2018\/11\/Candlelit_vigil_honoring_El_Salvador_martyrs.jpg",1128,750,false],"portraits":["https:\/\/blogs.scu.edu\/arthursattic\/files\/2018\/11\/Candlelit_vigil_honoring_El_Salvador_martyrs.jpg",481,320,false],"thumbnail":["https:\/\/blogs.scu.edu\/arthursattic\/files\/2018\/11\/Candlelit_vigil_honoring_El_Salvador_martyrs-150x150.jpg",150,150,true],"medium":["https:\/\/blogs.scu.edu\/arthursattic\/files\/2018\/11\/Candlelit_vigil_honoring_El_Salvador_martyrs-300x199.jpg",300,199,true],"medium_large":["https:\/\/blogs.scu.edu\/arthursattic\/files\/2018\/11\/Candlelit_vigil_honoring_El_Salvador_martyrs-768x511.jpg",768,511,true],"large":["https:\/\/blogs.scu.edu\/arthursattic\/files\/2018\/11\/Candlelit_vigil_honoring_El_Salvador_martyrs-1024x681.jpg",920,612,true],"1536x1536":["https:\/\/blogs.scu.edu\/arthursattic\/files\/2018\/11\/Candlelit_vigil_honoring_El_Salvador_martyrs.jpg",1536,1021,false],"2048x2048":["https:\/\/blogs.scu.edu\/arthursattic\/files\/2018\/11\/Candlelit_vigil_honoring_El_Salvador_martyrs.jpg",2048,1362,false],"qubely_landscape":["https:\/\/blogs.scu.edu\/arthursattic\/files\/2018\/11\/Candlelit_vigil_honoring_El_Salvador_martyrs.jpg",1128,750,false],"qubely_portrait":["https:\/\/blogs.scu.edu\/arthursattic\/files\/2018\/11\/Candlelit_vigil_honoring_El_Salvador_martyrs.jpg",481,320,false],"qubely_thumbnail":["https:\/\/blogs.scu.edu\/arthursattic\/files\/2018\/11\/Candlelit_vigil_honoring_El_Salvador_martyrs.jpg",140,93,false],"single":["https:\/\/blogs.scu.edu\/arthursattic\/files\/2018\/11\/Candlelit_vigil_honoring_El_Salvador_martyrs-1840x1223.jpg",1840,1223,true],"post-thumbnail":["https:\/\/blogs.scu.edu\/arthursattic\/files\/2018\/11\/Candlelit_vigil_honoring_El_Salvador_martyrs-920x920.jpg",920,920,true]},"qubely_author":{"display_name":"Claire Edwards","author_link":"https:\/\/blogs.scu.edu\/arthursattic\/author\/ceedwards\/"},"qubely_comment":0,"qubely_category":"<a href=\"https:\/\/blogs.scu.edu\/arthursattic\/category\/notable-people\/\" rel=\"category tag\">Notable People<\/a>","qubely_excerpt":"On November 16 this Fall, we recognize the 29th anniversary of the death of Reverend Ignacio Ellacur\u00eda \u2014 an honorable date in our university\u2019s history. On this day in 1989, Ellacur\u00eda, five other Jesuits, their housekeeper, and her daughter were murdered execution-style by an elite US-trained squadron of the Salvadoran Army during the end of&hellip;","post_mailing_queue_ids":[],"_links":{"self":[{"href":"https:\/\/blogs.scu.edu\/arthursattic\/wp-json\/wp\/v2\/posts\/60","targetHints":{"allow":["GET"]}}],"collection":[{"href":"https:\/\/blogs.scu.edu\/arthursattic\/wp-json\/wp\/v2\/posts"}],"about":[{"href":"https:\/\/blogs.scu.edu\/arthursattic\/wp-json\/wp\/v2\/types\/post"}],"author":[{"embeddable":true,"href":"https:\/\/blogs.scu.edu\/arthursattic\/wp-json\/wp\/v2\/users\/2405"}],"replies":[{"embeddable":true,"href":"https:\/\/blogs.scu.edu\/arthursattic\/wp-json\/wp\/v2\/comments?post=60"}],"version-history":[{"count":9,"href":"https:\/\/blogs.scu.edu\/arthursattic\/wp-json\/wp\/v2\/posts\/60\/revisions"}],"predecessor-version":[{"id":2997,"href":"https:\/\/blogs.scu.edu\/arthursattic\/wp-json\/wp\/v2\/posts\/60\/revisions\/2997"}],"wp:featuredmedia":[{"embeddable":true,"href":"https:\/\/blogs.scu.edu\/arthursattic\/wp-json\/wp\/v2\/media\/66"}],"wp:attachment":[{"href":"https:\/\/blogs.scu.edu\/arthursattic\/wp-json\/wp\/v2\/media?parent=60"}],"wp:term":[{"taxonomy":"category","embeddable":true,"href":"https:\/\/blogs.scu.edu\/arthursattic\/wp-json\/wp\/v2\/categories?post=60"},{"taxonomy":"post_tag","embeddable":true,"href":"https:\/\/blogs.scu.edu\/arthursattic\/wp-json\/wp\/v2\/tags?post=60"}],"curies":[{"name":"wp","href":"https:\/\/api.w.org\/{rel}","templated":true}]}}