{"id":4,"date":"2018-09-06T21:53:34","date_gmt":"2018-09-06T21:53:34","guid":{"rendered":"https:\/\/blogs.scu.edu\/arthursattic\/?p=4"},"modified":"2026-03-31T11:03:37","modified_gmt":"2026-03-31T18:03:37","slug":"who-was-the-holy-man-of-santa-clara","status":"publish","type":"post","link":"https:\/\/blogs.scu.edu\/arthursattic\/2018\/09\/06\/who-was-the-holy-man-of-santa-clara\/","title":{"rendered":"Who was the Holy Man of Santa Clara?"},"content":{"rendered":"\n<p>This is Santa Clara University, a Jesuit institution of higher ed that was founded on the site of Mission Santa Clara, which was run by Franciscans. There must have been plenty of holy men around these parts, right?<\/p>\n\n\n\n<p>Well, imagine witnessing a priest praying so hard he levitated. Imagine hearing your brother say he saw the priest in the infirmary, when you know you saw the priest in the church at the same exact time. Imagine your mother being steadied in a time of crisis because of the awe-inspiring faith displayed by this priest who prayed in front of the crucifix in the Mission most hours of the day. This was all before SCU was founded, when the Franciscans were still running Mission Santa Clara.<\/p>\n\n\n\n<p>If you can imagine all this, then you can start to fathom Santa Clara&#8217;s Holy Man, Fr. Mag\u00edn Catal\u00e1. You can also start to understand why <a href=\"https:\/\/en.wikipedia.org\/wiki\/Joseph_Sadoc_Alemany\" target=\"_blank\" rel=\"noopener\">Bishop Alemany<\/a> (who gave the keys of Mission Santa Clara to Fathers Nobili and Accolti to found SCU) opened a case with the Vatican to canonize Fr. Catal\u00e1. To be canonized is to become a saint in the Catholic Church, following <a href=\"https:\/\/en.wikipedia.org\/wiki\/Beatification\">beatification<\/a>. Groups of Catholics still remember Fr. Catal\u00e1 even though he died almost two centuries ago and honor Fr. Catala in the current Mission Church on campus here at SCU. In fact, some local parishioners are actively looking into his case of canonization, wondering what it will take to further it in the Vatican.<\/p>\n\n\n\n<p>If you want to learn more about Fr. Catal\u00e1 and his legacy, SCU Archives &amp; Special Collections has a collection related to him, including relics from his vestments and wood from his coffin. In addition, we have several books about him or that mention him in context with Mission Santa Clara.Continue reading below to access these resources.<\/p>\n\n\n\n<p>Want to see the relics for yourself? Go ahead and <a href=\"https:\/\/www.scu.edu\/library\/asc\/contact\/\" target=\"_blank\" rel=\"noopener\">contact us<\/a> to make an appointment.<\/p>\n\n\n\n<figure class=\"wp-block-image alignnone wp-image-10 size-large\"><img loading=\"lazy\" decoding=\"async\" width=\"1024\" height=\"796\" src=\"https:\/\/blogs.scu.edu\/arthursattic\/files\/2018\/09\/The_Miraculous_Crucifix-1024x796.jpg\" alt=\"\u00a0Black and white photograph of two priests standing in front of candles and a statue of Jesus on the cross. To the right there is a transcription: The Miraculous Crucifix before which Father Magin Catala, O.F.M. prayed in the Mission Church of Santa Clara.\" class=\"wp-image-10\" srcset=\"https:\/\/blogs.scu.edu\/arthursattic\/files\/2018\/09\/The_Miraculous_Crucifix-1024x796.jpg 1024w, https:\/\/blogs.scu.edu\/arthursattic\/files\/2018\/09\/The_Miraculous_Crucifix-300x233.jpg 300w, https:\/\/blogs.scu.edu\/arthursattic\/files\/2018\/09\/The_Miraculous_Crucifix-768x597.jpg 768w\" sizes=\"auto, (max-width: 1024px) 100vw, 1024px\" \/><figcaption class=\"wp-element-caption\">\u201cSoul of Padre Mag\u00edn Assist Me\u201d depicting the Miraculous Crucifix before which Father Mag\u00edn Catal\u00e1, O.F.M. prayed in the Mission Church of Santa Clara. Likely created for the Cause of Canonization of Fr. Catal\u00e1.<\/figcaption><\/figure>\n\n\n\n<figure class=\"wp-block-image alignnone wp-image-8 size-full\"><img loading=\"lazy\" decoding=\"async\" width=\"489\" height=\"303\" src=\"https:\/\/blogs.scu.edu\/arthursattic\/files\/2018\/09\/Catal_relics.jpg\" alt=\"Photo of Catala relics\" class=\"wp-image-8\" srcset=\"https:\/\/blogs.scu.edu\/arthursattic\/files\/2018\/09\/Catal_relics.jpg 489w, https:\/\/blogs.scu.edu\/arthursattic\/files\/2018\/09\/Catal_relics-300x186.jpg 300w\" sizes=\"auto, (max-width: 489px) 100vw, 489px\" \/><figcaption class=\"wp-element-caption\">Fr. Catala&#8217;s relics are housed in SCU Archives &amp; Special Collections, and have been digitized in the Digital Collections, from which the <a href=\"http:\/\/content.scu.edu\/cdm\/ref\/collection\/catala\/id\/5\" target=\"_blank\" rel=\"noopener\">image<\/a> is taken.<\/figcaption><\/figure>\n\n\n\n<p><a href=\"http:\/\/content.scu.edu\/cdm\/landingpage\/collection\/catala\" target=\"_blank\" rel=\"noopener\">Digital Collection for Fr. Catala<\/a><\/p>\n\n\n\n<p><a href=\"http:\/\/www.oac.cdlib.org\/findaid\/ark:\/13030\/c82f7rr7\/\" target=\"_blank\" rel=\"noopener\">Finding Aid for Fr. Catala Collection<\/a><\/p>\n\n\n\n<p><a href=\"https:\/\/sculib.scu.edu\/record=b1732917\" target=\"_blank\" rel=\"noopener\">Holy Man of Santa Clara by Engelhardt <\/a><\/p>\n\n\n\n<p><a href=\"https:\/\/sculib.scu.edu\/record=b1809992\" target=\"_blank\" rel=\"noopener\"> <span class=\"ead-italic\">Situating Mission Santa Clara De Asis, 1776-1851: Documentary and Material Evidence of Life on the Alta California Frontier: A Timeline<\/span><\/a><\/p>\n\n\n\n<p><a href=\"https:\/\/sculib.scu.edu\/record=b1130264\" target=\"_blank\" rel=\"noopener\">Magin Catala, O.F.M. ; the holy man of Santa Clara by Stern<\/a><\/p>\n\n\n\n<p>Header image: El Servent de Deu, Fra Mag\u00ed Catal\u00e0, courtesy of SCU Archives &amp; Special Collections <a href=\"http:\/\/content.scu.edu\/cdm\/ref\/collection\/catala\/id\/3\" target=\"_blank\" rel=\"noopener\">digital collections.<\/a><\/p>\n","protected":false},"excerpt":{"rendered":"<p>This is Santa Clara University, a Jesuit institution of higher ed that was founded on the site of Mission Santa Clara, which was run by Franciscans. There must have been plenty of holy men around these parts, right? Well, imagine witnessing a priest praying so hard he levitated. Imagine hearing your brother say he saw [&hellip;]<\/p>\n","protected":false},"author":2344,"featured_media":87,"comment_status":"open","ping_status":"open","sticky":false,"template":"","format":"standard","meta":{"qubely_global_settings":"","qubely_interactions":"","kk_blocks_editor_width":"","_kiokenblocks_attr":"","_kiokenblocks_dimensions":"","footnotes":""},"categories":[2],"tags":[],"class_list":["post-4","post","type-post","status-publish","format-standard","has-post-thumbnail","hentry","category-notable-people","with-image","with-title"],"gutentor_comment":1,"qubely_featured_image_url":{"full":["https:\/\/blogs.scu.edu\/arthursattic\/files\/2018\/09\/catala_image.jpg",916,916,false],"landscape":["https:\/\/blogs.scu.edu\/arthursattic\/files\/2018\/09\/catala_image.jpg",750,750,false],"portraits":["https:\/\/blogs.scu.edu\/arthursattic\/files\/2018\/09\/catala_image.jpg",320,320,false],"thumbnail":["https:\/\/blogs.scu.edu\/arthursattic\/files\/2018\/09\/catala_image-150x150.jpg",150,150,true],"medium":["https:\/\/blogs.scu.edu\/arthursattic\/files\/2018\/09\/catala_image-300x300.jpg",300,300,true],"medium_large":["https:\/\/blogs.scu.edu\/arthursattic\/files\/2018\/09\/catala_image-768x768.jpg",768,768,true],"large":["https:\/\/blogs.scu.edu\/arthursattic\/files\/2018\/09\/catala_image.jpg",916,916,false],"1536x1536":["https:\/\/blogs.scu.edu\/arthursattic\/files\/2018\/09\/catala_image.jpg",916,916,false],"2048x2048":["https:\/\/blogs.scu.edu\/arthursattic\/files\/2018\/09\/catala_image.jpg",916,916,false],"qubely_landscape":["https:\/\/blogs.scu.edu\/arthursattic\/files\/2018\/09\/catala_image.jpg",750,750,false],"qubely_portrait":["https:\/\/blogs.scu.edu\/arthursattic\/files\/2018\/09\/catala_image.jpg",320,320,false],"qubely_thumbnail":["https:\/\/blogs.scu.edu\/arthursattic\/files\/2018\/09\/catala_image.jpg",100,100,false],"single":["https:\/\/blogs.scu.edu\/arthursattic\/files\/2018\/09\/catala_image.jpg",916,916,false],"post-thumbnail":["https:\/\/blogs.scu.edu\/arthursattic\/files\/2018\/09\/catala_image.jpg",916,916,false]},"qubely_author":{"display_name":"Kelci Baughman McDowell","author_link":"https:\/\/blogs.scu.edu\/arthursattic\/author\/kbaughmanmcdowell\/"},"qubely_comment":1,"qubely_category":"<a href=\"https:\/\/blogs.scu.edu\/arthursattic\/category\/notable-people\/\" rel=\"category tag\">Notable People<\/a>","qubely_excerpt":"This is Santa Clara University, a Jesuit institution of higher ed that was founded on the site of Mission Santa Clara, which was run by Franciscans. There must have been plenty of holy men around these parts, right? Well, imagine witnessing a priest praying so hard he levitated. Imagine hearing your brother say he saw&hellip;","post_mailing_queue_ids":[],"_links":{"self":[{"href":"https:\/\/blogs.scu.edu\/arthursattic\/wp-json\/wp\/v2\/posts\/4","targetHints":{"allow":["GET"]}}],"collection":[{"href":"https:\/\/blogs.scu.edu\/arthursattic\/wp-json\/wp\/v2\/posts"}],"about":[{"href":"https:\/\/blogs.scu.edu\/arthursattic\/wp-json\/wp\/v2\/types\/post"}],"author":[{"embeddable":true,"href":"https:\/\/blogs.scu.edu\/arthursattic\/wp-json\/wp\/v2\/users\/2344"}],"replies":[{"embeddable":true,"href":"https:\/\/blogs.scu.edu\/arthursattic\/wp-json\/wp\/v2\/comments?post=4"}],"version-history":[{"count":9,"href":"https:\/\/blogs.scu.edu\/arthursattic\/wp-json\/wp\/v2\/posts\/4\/revisions"}],"predecessor-version":[{"id":2990,"href":"https:\/\/blogs.scu.edu\/arthursattic\/wp-json\/wp\/v2\/posts\/4\/revisions\/2990"}],"wp:featuredmedia":[{"embeddable":true,"href":"https:\/\/blogs.scu.edu\/arthursattic\/wp-json\/wp\/v2\/media\/87"}],"wp:attachment":[{"href":"https:\/\/blogs.scu.edu\/arthursattic\/wp-json\/wp\/v2\/media?parent=4"}],"wp:term":[{"taxonomy":"category","embeddable":true,"href":"https:\/\/blogs.scu.edu\/arthursattic\/wp-json\/wp\/v2\/categories?post=4"},{"taxonomy":"post_tag","embeddable":true,"href":"https:\/\/blogs.scu.edu\/arthursattic\/wp-json\/wp\/v2\/tags?post=4"}],"curies":[{"name":"wp","href":"https:\/\/api.w.org\/{rel}","templated":true}]}}